{"id":1336,"date":"2024-01-26T05:51:05","date_gmt":"2024-01-26T05:51:05","guid":{"rendered":"https:\/\/misionerasmariamediadora.org\/?p=1336"},"modified":"2024-01-26T05:51:07","modified_gmt":"2024-01-26T05:51:07","slug":"sr-celina-seoane-joins-the-celestial-community","status":"publish","type":"post","link":"https:\/\/misionerasmariamediadora.org\/en\/sr-celina-seoane-joins-the-celestial-community\/","title":{"rendered":"Sr. Celina Seoane joins the celestial community"},"content":{"rendered":"\n<p>On January 19, Sr. Celina Seoane Couceiro died in the Provincial Hospital of \u00c1vila. She was born in Oza de R\u00edos, La Coru\u00f1a, on May 5, 1929. She entered the Congregation on July 9, 1955. She made hes First Profession on February 4, 1957 and Perpetual Profession on June 30, 1962.<\/p>\n\n<p>She lived her consecration fully, dedicated to the Lord and the mission. Her apostolic life was carried out in Spain, India, Colombia, Venezuela and Malawi. She was a woman firm in her vocation, with deep prayer life, and great sense of belonging to the Congregation and love for Mary.<\/p>\n\n<p>The Lord called her into his presence and she joined our celestial community. Rest in peace.<\/p>\n\n<div style=\"height:50px\" aria-hidden=\"true\" class=\"wp-block-spacer\"><\/div>\n\n<figure class=\"wp-block-image aligncenter size-full\"><img fetchpriority=\"high\" decoding=\"async\" width=\"515\" height=\"840\" src=\"https:\/\/misionerasmariamediadora.org\/wp-content\/uploads\/2024\/01\/2022-FOTO.jpg\" alt=\"\" class=\"wp-image-1297\" srcset=\"https:\/\/misionerasmariamediadora.org\/wp-content\/uploads\/2024\/01\/2022-FOTO.jpg 515w, https:\/\/misionerasmariamediadora.org\/wp-content\/uploads\/2024\/01\/2022-FOTO-184x300.jpg 184w\" sizes=\"(max-width: 515px) 100vw, 515px\" \/><\/figure>\n\n<div style=\"height:50px\" aria-hidden=\"true\" class=\"wp-block-spacer\"><\/div>\n","protected":false},"excerpt":{"rendered":"<p>On January 19, Sr. Celina Seoane left for the Father&#8217;s house.<\/p>\n","protected":false},"author":1,"featured_media":1300,"comment_status":"open","ping_status":"closed","sticky":false,"template":"","format":"standard","meta":{"footnotes":""},"categories":[90,65],"tags":[91],"class_list":["post-1336","post","type-post","status-publish","format-standard","has-post-thumbnail","hentry","category-news","category-spain","tag-missionary-of-mary-mediatrix"],"yoast_head":"<!-- This site is optimized with the Yoast SEO plugin v27.4 - https:\/\/yoast.com\/product\/yoast-seo-wordpress\/ -->\n<title>Sr. Celina Seoane joins the celestial community - Misioneras de Maria Mediadora<\/title>\n<meta name=\"robots\" content=\"index, follow, max-snippet:-1, max-image-preview:large, max-video-preview:-1\" \/>\n<link rel=\"canonical\" href=\"https:\/\/misionerasmariamediadora.org\/en\/sr-celina-seoane-joins-the-celestial-community\/\" \/>\n<meta property=\"og:locale\" content=\"en_US\" \/>\n<meta property=\"og:type\" content=\"article\" \/>\n<meta property=\"og:title\" content=\"Sr. Celina Seoane joins the celestial community - Misioneras de Maria Mediadora\" \/>\n<meta property=\"og:description\" content=\"On January 19, Sr. Celina Seoane left for the Father&#039;s house.\" \/>\n<meta property=\"og:url\" content=\"https:\/\/misionerasmariamediadora.org\/en\/sr-celina-seoane-joins-the-celestial-community\/\" \/>\n<meta property=\"og:site_name\" content=\"Misioneras de Maria Mediadora\" \/>\n<meta property=\"article:published_time\" content=\"2024-01-26T05:51:05+00:00\" \/>\n<meta property=\"article:modified_time\" content=\"2024-01-26T05:51:07+00:00\" \/>\n<meta property=\"og:image\" content=\"https:\/\/misionerasmariamediadora.org\/wp-content\/uploads\/2024\/01\/Screenshot_6.png\" \/>\n\t<meta property=\"og:image:width\" content=\"202\" \/>\n\t<meta property=\"og:image:height\" content=\"261\" \/>\n\t<meta property=\"og:image:type\" content=\"image\/png\" \/>\n<meta name=\"author\" content=\"admin_mmdev\" \/>\n<meta name=\"twitter:card\" content=\"summary_large_image\" \/>\n<meta name=\"twitter:label1\" content=\"Written by\" \/>\n\t<meta name=\"twitter:data1\" content=\"admin_mmdev\" \/>\n\t<meta name=\"twitter:label2\" content=\"Est. reading time\" \/>\n\t<meta name=\"twitter:data2\" content=\"1 minute\" \/>\n<script type=\"application\/ld+json\" class=\"yoast-schema-graph\">{\"@context\":\"https:\\\/\\\/schema.org\",\"@graph\":[{\"@type\":\"Article\",\"@id\":\"https:\\\/\\\/misionerasmariamediadora.org\\\/en\\\/sr-celina-seoane-joins-the-celestial-community\\\/#article\",\"isPartOf\":{\"@id\":\"https:\\\/\\\/misionerasmariamediadora.org\\\/en\\\/sr-celina-seoane-joins-the-celestial-community\\\/\"},\"author\":{\"name\":\"admin_mmdev\",\"@id\":\"https:\\\/\\\/misionerasmariamediadora.org\\\/en\\\/#\\\/schema\\\/person\\\/abfe01f8c4466aa21d8bcd918af13dbb\"},\"headline\":\"Sr. Celina Seoane joins the celestial community\",\"datePublished\":\"2024-01-26T05:51:05+00:00\",\"dateModified\":\"2024-01-26T05:51:07+00:00\",\"mainEntityOfPage\":{\"@id\":\"https:\\\/\\\/misionerasmariamediadora.org\\\/en\\\/sr-celina-seoane-joins-the-celestial-community\\\/\"},\"wordCount\":116,\"commentCount\":0,\"publisher\":{\"@id\":\"https:\\\/\\\/misionerasmariamediadora.org\\\/en\\\/#organization\"},\"image\":{\"@id\":\"https:\\\/\\\/misionerasmariamediadora.org\\\/en\\\/sr-celina-seoane-joins-the-celestial-community\\\/#primaryimage\"},\"thumbnailUrl\":\"https:\\\/\\\/misionerasmariamediadora.org\\\/wp-content\\\/uploads\\\/2024\\\/01\\\/Screenshot_6.png\",\"keywords\":[\"Missionary of Mary Mediatrix\"],\"articleSection\":[\"News\",\"Spain\"],\"inLanguage\":\"en-US\",\"potentialAction\":[{\"@type\":\"CommentAction\",\"name\":\"Comment\",\"target\":[\"https:\\\/\\\/misionerasmariamediadora.org\\\/en\\\/sr-celina-seoane-joins-the-celestial-community\\\/#respond\"]}]},{\"@type\":\"WebPage\",\"@id\":\"https:\\\/\\\/misionerasmariamediadora.org\\\/en\\\/sr-celina-seoane-joins-the-celestial-community\\\/\",\"url\":\"https:\\\/\\\/misionerasmariamediadora.org\\\/en\\\/sr-celina-seoane-joins-the-celestial-community\\\/\",\"name\":\"Sr. Celina Seoane joins the celestial community - Misioneras de Maria Mediadora\",\"isPartOf\":{\"@id\":\"https:\\\/\\\/misionerasmariamediadora.org\\\/en\\\/#website\"},\"primaryImageOfPage\":{\"@id\":\"https:\\\/\\\/misionerasmariamediadora.org\\\/en\\\/sr-celina-seoane-joins-the-celestial-community\\\/#primaryimage\"},\"image\":{\"@id\":\"https:\\\/\\\/misionerasmariamediadora.org\\\/en\\\/sr-celina-seoane-joins-the-celestial-community\\\/#primaryimage\"},\"thumbnailUrl\":\"https:\\\/\\\/misionerasmariamediadora.org\\\/wp-content\\\/uploads\\\/2024\\\/01\\\/Screenshot_6.png\",\"datePublished\":\"2024-01-26T05:51:05+00:00\",\"dateModified\":\"2024-01-26T05:51:07+00:00\",\"breadcrumb\":{\"@id\":\"https:\\\/\\\/misionerasmariamediadora.org\\\/en\\\/sr-celina-seoane-joins-the-celestial-community\\\/#breadcrumb\"},\"inLanguage\":\"en-US\",\"potentialAction\":[{\"@type\":\"ReadAction\",\"target\":[\"https:\\\/\\\/misionerasmariamediadora.org\\\/en\\\/sr-celina-seoane-joins-the-celestial-community\\\/\"]}]},{\"@type\":\"ImageObject\",\"inLanguage\":\"en-US\",\"@id\":\"https:\\\/\\\/misionerasmariamediadora.org\\\/en\\\/sr-celina-seoane-joins-the-celestial-community\\\/#primaryimage\",\"url\":\"https:\\\/\\\/misionerasmariamediadora.org\\\/wp-content\\\/uploads\\\/2024\\\/01\\\/Screenshot_6.png\",\"contentUrl\":\"https:\\\/\\\/misionerasmariamediadora.org\\\/wp-content\\\/uploads\\\/2024\\\/01\\\/Screenshot_6.png\",\"width\":202,\"height\":261},{\"@type\":\"BreadcrumbList\",\"@id\":\"https:\\\/\\\/misionerasmariamediadora.org\\\/en\\\/sr-celina-seoane-joins-the-celestial-community\\\/#breadcrumb\",\"itemListElement\":[{\"@type\":\"ListItem\",\"position\":1,\"name\":\"Portada\",\"item\":\"https:\\\/\\\/misionerasmariamediadora.org\\\/en\\\/\"},{\"@type\":\"ListItem\",\"position\":2,\"name\":\"Sr. Celina Seoane joins the celestial community\"}]},{\"@type\":\"WebSite\",\"@id\":\"https:\\\/\\\/misionerasmariamediadora.org\\\/en\\\/#website\",\"url\":\"https:\\\/\\\/misionerasmariamediadora.org\\\/en\\\/\",\"name\":\"Misioneras de Maria Mediadora\",\"description\":\"Convocadas para hacer presente el reino\",\"publisher\":{\"@id\":\"https:\\\/\\\/misionerasmariamediadora.org\\\/en\\\/#organization\"},\"potentialAction\":[{\"@type\":\"SearchAction\",\"target\":{\"@type\":\"EntryPoint\",\"urlTemplate\":\"https:\\\/\\\/misionerasmariamediadora.org\\\/en\\\/?s={search_term_string}\"},\"query-input\":{\"@type\":\"PropertyValueSpecification\",\"valueRequired\":true,\"valueName\":\"search_term_string\"}}],\"inLanguage\":\"en-US\"},{\"@type\":\"Organization\",\"@id\":\"https:\\\/\\\/misionerasmariamediadora.org\\\/en\\\/#organization\",\"name\":\"Misioneras de Maria Mediadora\",\"url\":\"https:\\\/\\\/misionerasmariamediadora.org\\\/en\\\/\",\"logo\":{\"@type\":\"ImageObject\",\"inLanguage\":\"en-US\",\"@id\":\"https:\\\/\\\/misionerasmariamediadora.org\\\/en\\\/#\\\/schema\\\/logo\\\/image\\\/\",\"url\":\"https:\\\/\\\/misionerasmariamediadora.org\\\/wp-content\\\/uploads\\\/2023\\\/10\\\/cropped-misioneras-maria-mediadoras_mision-evangelizadora_reino-cristo_madrid_logo.png\",\"contentUrl\":\"https:\\\/\\\/misionerasmariamediadora.org\\\/wp-content\\\/uploads\\\/2023\\\/10\\\/cropped-misioneras-maria-mediadoras_mision-evangelizadora_reino-cristo_madrid_logo.png\",\"width\":1080,\"height\":1080,\"caption\":\"Misioneras de Maria Mediadora\"},\"image\":{\"@id\":\"https:\\\/\\\/misionerasmariamediadora.org\\\/en\\\/#\\\/schema\\\/logo\\\/image\\\/\"}},{\"@type\":\"Person\",\"@id\":\"https:\\\/\\\/misionerasmariamediadora.org\\\/en\\\/#\\\/schema\\\/person\\\/abfe01f8c4466aa21d8bcd918af13dbb\",\"name\":\"admin_mmdev\",\"image\":{\"@type\":\"ImageObject\",\"inLanguage\":\"en-US\",\"@id\":\"https:\\\/\\\/secure.gravatar.com\\\/avatar\\\/f2caef675eef5b673cdf66e64cb161fad4f2788eca500329a063634c8e3de4be?s=96&d=mm&r=g\",\"url\":\"https:\\\/\\\/secure.gravatar.com\\\/avatar\\\/f2caef675eef5b673cdf66e64cb161fad4f2788eca500329a063634c8e3de4be?s=96&d=mm&r=g\",\"contentUrl\":\"https:\\\/\\\/secure.gravatar.com\\\/avatar\\\/f2caef675eef5b673cdf66e64cb161fad4f2788eca500329a063634c8e3de4be?s=96&d=mm&r=g\",\"caption\":\"admin_mmdev\"},\"sameAs\":[\"https:\\\/\\\/misionerasmariamediadora.org\"],\"url\":\"https:\\\/\\\/misionerasmariamediadora.org\\\/en\\\/author\\\/admin_mmdev\\\/\"}]}<\/script>\n<!-- \/ Yoast SEO plugin. -->","yoast_head_json":{"title":"Sr. Celina Seoane joins the celestial community - Misioneras de Maria Mediadora","robots":{"index":"index","follow":"follow","max-snippet":"max-snippet:-1","max-image-preview":"max-image-preview:large","max-video-preview":"max-video-preview:-1"},"canonical":"https:\/\/misionerasmariamediadora.org\/en\/sr-celina-seoane-joins-the-celestial-community\/","og_locale":"en_US","og_type":"article","og_title":"Sr. Celina Seoane joins the celestial community - Misioneras de Maria Mediadora","og_description":"On January 19, Sr. Celina Seoane left for the Father's house.","og_url":"https:\/\/misionerasmariamediadora.org\/en\/sr-celina-seoane-joins-the-celestial-community\/","og_site_name":"Misioneras de Maria Mediadora","article_published_time":"2024-01-26T05:51:05+00:00","article_modified_time":"2024-01-26T05:51:07+00:00","og_image":[{"width":202,"height":261,"url":"https:\/\/misionerasmariamediadora.org\/wp-content\/uploads\/2024\/01\/Screenshot_6.png","type":"image\/png"}],"author":"admin_mmdev","twitter_card":"summary_large_image","twitter_misc":{"Written by":"admin_mmdev","Est. reading time":"1 minute"},"schema":{"@context":"https:\/\/schema.org","@graph":[{"@type":"Article","@id":"https:\/\/misionerasmariamediadora.org\/en\/sr-celina-seoane-joins-the-celestial-community\/#article","isPartOf":{"@id":"https:\/\/misionerasmariamediadora.org\/en\/sr-celina-seoane-joins-the-celestial-community\/"},"author":{"name":"admin_mmdev","@id":"https:\/\/misionerasmariamediadora.org\/en\/#\/schema\/person\/abfe01f8c4466aa21d8bcd918af13dbb"},"headline":"Sr. Celina Seoane joins the celestial community","datePublished":"2024-01-26T05:51:05+00:00","dateModified":"2024-01-26T05:51:07+00:00","mainEntityOfPage":{"@id":"https:\/\/misionerasmariamediadora.org\/en\/sr-celina-seoane-joins-the-celestial-community\/"},"wordCount":116,"commentCount":0,"publisher":{"@id":"https:\/\/misionerasmariamediadora.org\/en\/#organization"},"image":{"@id":"https:\/\/misionerasmariamediadora.org\/en\/sr-celina-seoane-joins-the-celestial-community\/#primaryimage"},"thumbnailUrl":"https:\/\/misionerasmariamediadora.org\/wp-content\/uploads\/2024\/01\/Screenshot_6.png","keywords":["Missionary of Mary Mediatrix"],"articleSection":["News","Spain"],"inLanguage":"en-US","potentialAction":[{"@type":"CommentAction","name":"Comment","target":["https:\/\/misionerasmariamediadora.org\/en\/sr-celina-seoane-joins-the-celestial-community\/#respond"]}]},{"@type":"WebPage","@id":"https:\/\/misionerasmariamediadora.org\/en\/sr-celina-seoane-joins-the-celestial-community\/","url":"https:\/\/misionerasmariamediadora.org\/en\/sr-celina-seoane-joins-the-celestial-community\/","name":"Sr. Celina Seoane joins the celestial community - Misioneras de Maria Mediadora","isPartOf":{"@id":"https:\/\/misionerasmariamediadora.org\/en\/#website"},"primaryImageOfPage":{"@id":"https:\/\/misionerasmariamediadora.org\/en\/sr-celina-seoane-joins-the-celestial-community\/#primaryimage"},"image":{"@id":"https:\/\/misionerasmariamediadora.org\/en\/sr-celina-seoane-joins-the-celestial-community\/#primaryimage"},"thumbnailUrl":"https:\/\/misionerasmariamediadora.org\/wp-content\/uploads\/2024\/01\/Screenshot_6.png","datePublished":"2024-01-26T05:51:05+00:00","dateModified":"2024-01-26T05:51:07+00:00","breadcrumb":{"@id":"https:\/\/misionerasmariamediadora.org\/en\/sr-celina-seoane-joins-the-celestial-community\/#breadcrumb"},"inLanguage":"en-US","potentialAction":[{"@type":"ReadAction","target":["https:\/\/misionerasmariamediadora.org\/en\/sr-celina-seoane-joins-the-celestial-community\/"]}]},{"@type":"ImageObject","inLanguage":"en-US","@id":"https:\/\/misionerasmariamediadora.org\/en\/sr-celina-seoane-joins-the-celestial-community\/#primaryimage","url":"https:\/\/misionerasmariamediadora.org\/wp-content\/uploads\/2024\/01\/Screenshot_6.png","contentUrl":"https:\/\/misionerasmariamediadora.org\/wp-content\/uploads\/2024\/01\/Screenshot_6.png","width":202,"height":261},{"@type":"BreadcrumbList","@id":"https:\/\/misionerasmariamediadora.org\/en\/sr-celina-seoane-joins-the-celestial-community\/#breadcrumb","itemListElement":[{"@type":"ListItem","position":1,"name":"Portada","item":"https:\/\/misionerasmariamediadora.org\/en\/"},{"@type":"ListItem","position":2,"name":"Sr. Celina Seoane joins the celestial community"}]},{"@type":"WebSite","@id":"https:\/\/misionerasmariamediadora.org\/en\/#website","url":"https:\/\/misionerasmariamediadora.org\/en\/","name":"Misioneras de Maria Mediadora","description":"Convocadas para hacer presente el reino","publisher":{"@id":"https:\/\/misionerasmariamediadora.org\/en\/#organization"},"potentialAction":[{"@type":"SearchAction","target":{"@type":"EntryPoint","urlTemplate":"https:\/\/misionerasmariamediadora.org\/en\/?s={search_term_string}"},"query-input":{"@type":"PropertyValueSpecification","valueRequired":true,"valueName":"search_term_string"}}],"inLanguage":"en-US"},{"@type":"Organization","@id":"https:\/\/misionerasmariamediadora.org\/en\/#organization","name":"Misioneras de Maria Mediadora","url":"https:\/\/misionerasmariamediadora.org\/en\/","logo":{"@type":"ImageObject","inLanguage":"en-US","@id":"https:\/\/misionerasmariamediadora.org\/en\/#\/schema\/logo\/image\/","url":"https:\/\/misionerasmariamediadora.org\/wp-content\/uploads\/2023\/10\/cropped-misioneras-maria-mediadoras_mision-evangelizadora_reino-cristo_madrid_logo.png","contentUrl":"https:\/\/misionerasmariamediadora.org\/wp-content\/uploads\/2023\/10\/cropped-misioneras-maria-mediadoras_mision-evangelizadora_reino-cristo_madrid_logo.png","width":1080,"height":1080,"caption":"Misioneras de Maria Mediadora"},"image":{"@id":"https:\/\/misionerasmariamediadora.org\/en\/#\/schema\/logo\/image\/"}},{"@type":"Person","@id":"https:\/\/misionerasmariamediadora.org\/en\/#\/schema\/person\/abfe01f8c4466aa21d8bcd918af13dbb","name":"admin_mmdev","image":{"@type":"ImageObject","inLanguage":"en-US","@id":"https:\/\/secure.gravatar.com\/avatar\/f2caef675eef5b673cdf66e64cb161fad4f2788eca500329a063634c8e3de4be?s=96&d=mm&r=g","url":"https:\/\/secure.gravatar.com\/avatar\/f2caef675eef5b673cdf66e64cb161fad4f2788eca500329a063634c8e3de4be?s=96&d=mm&r=g","contentUrl":"https:\/\/secure.gravatar.com\/avatar\/f2caef675eef5b673cdf66e64cb161fad4f2788eca500329a063634c8e3de4be?s=96&d=mm&r=g","caption":"admin_mmdev"},"sameAs":["https:\/\/misionerasmariamediadora.org"],"url":"https:\/\/misionerasmariamediadora.org\/en\/author\/admin_mmdev\/"}]}},"_links":{"self":[{"href":"https:\/\/misionerasmariamediadora.org\/en\/wp-json\/wp\/v2\/posts\/1336","targetHints":{"allow":["GET"]}}],"collection":[{"href":"https:\/\/misionerasmariamediadora.org\/en\/wp-json\/wp\/v2\/posts"}],"about":[{"href":"https:\/\/misionerasmariamediadora.org\/en\/wp-json\/wp\/v2\/types\/post"}],"author":[{"embeddable":true,"href":"https:\/\/misionerasmariamediadora.org\/en\/wp-json\/wp\/v2\/users\/1"}],"replies":[{"embeddable":true,"href":"https:\/\/misionerasmariamediadora.org\/en\/wp-json\/wp\/v2\/comments?post=1336"}],"version-history":[{"count":1,"href":"https:\/\/misionerasmariamediadora.org\/en\/wp-json\/wp\/v2\/posts\/1336\/revisions"}],"predecessor-version":[{"id":1337,"href":"https:\/\/misionerasmariamediadora.org\/en\/wp-json\/wp\/v2\/posts\/1336\/revisions\/1337"}],"wp:featuredmedia":[{"embeddable":true,"href":"https:\/\/misionerasmariamediadora.org\/en\/wp-json\/wp\/v2\/media\/1300"}],"wp:attachment":[{"href":"https:\/\/misionerasmariamediadora.org\/en\/wp-json\/wp\/v2\/media?parent=1336"}],"wp:term":[{"taxonomy":"category","embeddable":true,"href":"https:\/\/misionerasmariamediadora.org\/en\/wp-json\/wp\/v2\/categories?post=1336"},{"taxonomy":"post_tag","embeddable":true,"href":"https:\/\/misionerasmariamediadora.org\/en\/wp-json\/wp\/v2\/tags?post=1336"}],"curies":[{"name":"wp","href":"https:\/\/api.w.org\/{rel}","templated":true}]}}